{"id":8477,"date":"2022-10-05T07:34:04","date_gmt":"2022-10-05T11:34:04","guid":{"rendered":"https:\/\/adtusalud.org\/?p=8477"},"modified":"2022-10-05T07:34:04","modified_gmt":"2022-10-05T11:34:04","slug":"medico-express-signs-agreement-with-the-santa-fe-de-bogota-foundation","status":"publish","type":"post","link":"https:\/\/adtusalud.org\/en\/medico-express-signs-agreement-with-the-santa-fe-de-bogota-foundation\/","title":{"rendered":"M\u00e9dico Express signs agreement with the Santa Fe de Bogot\u00e1 Foundation"},"content":{"rendered":"<p>With the vision of developing a patient- and family-centered care model, under high quality standards, M\u00e9dico Express San Isidro entered into an important knowledge transfer agreement with the Santa Fe de Bogot\u00e1 Foundation, an iconic high-complexity Colombian university hospital, internationally accredited and a benchmark of excellence in Latin America.<\/p>\n<p><strong>Santo Domingo.<\/strong> M\u00e9dico Express San Isidro, is the first outpatient health center under construction of a future network of interconnected medical institutions distributed in different parts of the national geography.<\/p>\n<p>The innovative medical center made an inter-institutional agreement signed by its founding partner and executive president Dr. Alejandro Cambiaso and by the director of education and knowledge management of the Santa Fe de Bogot\u00e1 Foundation, Roosevelt Fajardo, to promote the exchange of experiences, development of protocols, as well as continuous improvement programs, training and rotations through medical, nursing, technology and administrative areas, which constitutes an accolade to strengthen and internationalize Dominican medicine.<\/p>\n<p>Felipe Amador, general director of Advanced Asset Management and representative of the investors of M\u00e9dico Express, affirmed that this agreement develops a collaborative synergy with the successful experience of more than 50 years of the Santa Fe de Bogot\u00e1 Foundation, which will allow the implementation of innovative management and sustainable, favoring a balance between medical services, installed capacity, state-of-the-art technology and the best clinical and administrative practices.<\/p>\n<p><img loading=\"lazy\" decoding=\"async\" class=\"alignnone size-full wp-image-14915\" src=\"https:\/\/dominican.news\/wp-content\/uploads\/2022\/10\/medico-express-agreement-with-santa-fe-de-bogota-foundation-2.jpg\" alt=\"Medico Express agreement with Santa Fe de Bogota Foundation 2\" width=\"836\" height=\"581\" \/><\/p>\n<p>Roosevelt Fajardo expressed that since its creation, the Santa Fe de Bogot\u00e1 Foundation has been in the permanent search for the generation of superior value, that is, for the best results that exceed the expectations of patients, family members, caregivers, students, researchers and allies.<\/p>\n<p>This is why working hand in hand with new strategic projects such as M\u00e9dico Express, reflect the foundation&#8217;s interest in the transfer of knowledge and best practices that allow for a positive impact on the health of the region.<\/p>\n<p>Present at the signing of the agreement were Francesco Fino, commercial vice president and founding partner of M\u00e9dico Express, Pedro Duboq, representative of Lazul Inversiones, the directors of the Santa Fe de Bogot\u00e1 Foundation, Dr. Martha Ortiz, Dr. Omar Salamanca, Dr. Diana Duarte, Arch. Emilio Quintero, Mr. Fernando Melo and Mr. Javier Puentes, on behalf of Advanced Asset Management Lic. Carlos Ruiz and Mariana Reynoso, as well as Jos\u00e9 Alberto Hern\u00e1ndez and Vilma Mej\u00eda, directors of the Unique Foundation, among others.<\/p>\n","protected":false},"excerpt":{"rendered":"<p>With the vision of developing a patient- and family-centered care model, under high quality standards, M\u00e9dico Express San Isidro entered into an important knowledge transfer agreement with the Santa Fe de Bogot\u00e1 Foundation, an iconic high-complexity Colombian university hospital, internationally accredited and a benchmark of excellence in Latin America. Santo Domingo. M\u00e9dico Express San Isidro,<\/p>\n","protected":false},"author":1,"featured_media":8478,"comment_status":"open","ping_status":"open","sticky":false,"template":"","format":"standard","meta":{"footnotes":""},"categories":[151],"tags":[199],"class_list":["post-8477","post","type-post","status-publish","format-standard","has-post-thumbnail","hentry","category-news","tag-medico-express-en"],"yoast_head":"<!-- This site is optimized with the Yoast SEO plugin v26.3 - https:\/\/yoast.com\/wordpress\/plugins\/seo\/ -->\n<title>M\u00e9dico Express signs agreement with the Santa Fe de Bogot\u00e1 Foundation<\/title>\n<meta name=\"description\" content=\"The Santa Fe de Bogot\u00e1 Foundation is an iconic high-complexity Colombian university hospital and a benchmark of excellence in Latin America.\" \/>\n<meta name=\"robots\" content=\"index, follow, max-snippet:-1, max-image-preview:large, max-video-preview:-1\" \/>\n<link rel=\"canonical\" href=\"https:\/\/adtusalud.org\/en\/medico-express-signs-agreement-with-the-santa-fe-de-bogota-foundation\/\" \/>\n<meta property=\"og:locale\" content=\"en_US\" \/>\n<meta property=\"og:type\" content=\"article\" \/>\n<meta property=\"og:title\" content=\"M\u00e9dico Express signs agreement with the Santa Fe de Bogot\u00e1 Foundation\" \/>\n<meta property=\"og:description\" content=\"The Santa Fe de Bogot\u00e1 Foundation is an iconic high-complexity Colombian university hospital and a benchmark of excellence in Latin America.\" \/>\n<meta property=\"og:url\" content=\"https:\/\/adtusalud.org\/en\/medico-express-signs-agreement-with-the-santa-fe-de-bogota-foundation\/\" \/>\n<meta property=\"og:site_name\" content=\"Asociaci\u00f3n Dominicana de Turismo de Salud\" \/>\n<meta property=\"article:published_time\" content=\"2022-10-05T11:34:04+00:00\" \/>\n<meta property=\"og:image\" content=\"https:\/\/adtusalud.org\/wp-content\/uploads\/2022\/10\/Medico-Express-agreement-with-Santa-Fe-de-Bogota-Foundation.jpg\" \/>\n\t<meta property=\"og:image:width\" content=\"901\" \/>\n\t<meta property=\"og:image:height\" content=\"647\" \/>\n\t<meta property=\"og:image:type\" content=\"image\/jpeg\" \/>\n<meta name=\"author\" content=\"adtusalud-admin\" \/>\n<meta name=\"twitter:card\" content=\"summary_large_image\" \/>\n<meta name=\"twitter:label1\" content=\"Written by\" \/>\n\t<meta name=\"twitter:data1\" content=\"adtusalud-admin\" \/>\n\t<meta name=\"twitter:label2\" content=\"Est. reading time\" \/>\n\t<meta name=\"twitter:data2\" content=\"2 minutes\" \/>\n<script type=\"application\/ld+json\" class=\"yoast-schema-graph\">{\"@context\":\"https:\/\/schema.org\",\"@graph\":[{\"@type\":\"WebPage\",\"@id\":\"https:\/\/adtusalud.org\/en\/medico-express-signs-agreement-with-the-santa-fe-de-bogota-foundation\/\",\"url\":\"https:\/\/adtusalud.org\/en\/medico-express-signs-agreement-with-the-santa-fe-de-bogota-foundation\/\",\"name\":\"M\u00e9dico Express signs agreement with the Santa Fe de Bogot\u00e1 Foundation\",\"isPartOf\":{\"@id\":\"https:\/\/adtusalud.org\/en\/#website\"},\"primaryImageOfPage\":{\"@id\":\"https:\/\/adtusalud.org\/en\/medico-express-signs-agreement-with-the-santa-fe-de-bogota-foundation\/#primaryimage\"},\"image\":{\"@id\":\"https:\/\/adtusalud.org\/en\/medico-express-signs-agreement-with-the-santa-fe-de-bogota-foundation\/#primaryimage\"},\"thumbnailUrl\":\"https:\/\/adtusalud.org\/wp-content\/uploads\/2022\/10\/Medico-Express-agreement-with-Santa-Fe-de-Bogota-Foundation.jpg\",\"datePublished\":\"2022-10-05T11:34:04+00:00\",\"author\":{\"@id\":\"https:\/\/adtusalud.org\/en\/#\/schema\/person\/7e21bba2ef6689ad5086b9e33c3c51f3\"},\"description\":\"The Santa Fe de Bogot\u00e1 Foundation is an iconic high-complexity Colombian university hospital and a benchmark of excellence in Latin America.\",\"breadcrumb\":{\"@id\":\"https:\/\/adtusalud.org\/en\/medico-express-signs-agreement-with-the-santa-fe-de-bogota-foundation\/#breadcrumb\"},\"inLanguage\":\"en-US\",\"potentialAction\":[{\"@type\":\"ReadAction\",\"target\":[\"https:\/\/adtusalud.org\/en\/medico-express-signs-agreement-with-the-santa-fe-de-bogota-foundation\/\"]}]},{\"@type\":\"ImageObject\",\"inLanguage\":\"en-US\",\"@id\":\"https:\/\/adtusalud.org\/en\/medico-express-signs-agreement-with-the-santa-fe-de-bogota-foundation\/#primaryimage\",\"url\":\"https:\/\/adtusalud.org\/wp-content\/uploads\/2022\/10\/Medico-Express-agreement-with-Santa-Fe-de-Bogota-Foundation.jpg\",\"contentUrl\":\"https:\/\/adtusalud.org\/wp-content\/uploads\/2022\/10\/Medico-Express-agreement-with-Santa-Fe-de-Bogota-Foundation.jpg\",\"width\":901,\"height\":647},{\"@type\":\"BreadcrumbList\",\"@id\":\"https:\/\/adtusalud.org\/en\/medico-express-signs-agreement-with-the-santa-fe-de-bogota-foundation\/#breadcrumb\",\"itemListElement\":[{\"@type\":\"ListItem\",\"position\":1,\"name\":\"Home\",\"item\":\"https:\/\/adtusalud.org\/en\/\"},{\"@type\":\"ListItem\",\"position\":2,\"name\":\"M\u00e9dico Express signs agreement with the Santa Fe de Bogot\u00e1 Foundation\"}]},{\"@type\":\"WebSite\",\"@id\":\"https:\/\/adtusalud.org\/en\/#website\",\"url\":\"https:\/\/adtusalud.org\/en\/\",\"name\":\"Asociaci\u00f3n Dominicana de Turismo de Salud\",\"description\":\"Asociaci\u00f3n Dominicana de Turismo de Salud\",\"potentialAction\":[{\"@type\":\"SearchAction\",\"target\":{\"@type\":\"EntryPoint\",\"urlTemplate\":\"https:\/\/adtusalud.org\/en\/?s={search_term_string}\"},\"query-input\":{\"@type\":\"PropertyValueSpecification\",\"valueRequired\":true,\"valueName\":\"search_term_string\"}}],\"inLanguage\":\"en-US\"},{\"@type\":\"Person\",\"@id\":\"https:\/\/adtusalud.org\/en\/#\/schema\/person\/7e21bba2ef6689ad5086b9e33c3c51f3\",\"name\":\"adtusalud-admin\",\"image\":{\"@type\":\"ImageObject\",\"inLanguage\":\"en-US\",\"@id\":\"https:\/\/adtusalud.org\/en\/#\/schema\/person\/image\/\",\"url\":\"https:\/\/secure.gravatar.com\/avatar\/def4679025a457fde10ae38f14c5c6d290cbc6a86bbb4bb02e7801bcb65b6337?s=96&d=mm&r=g\",\"contentUrl\":\"https:\/\/secure.gravatar.com\/avatar\/def4679025a457fde10ae38f14c5c6d290cbc6a86bbb4bb02e7801bcb65b6337?s=96&d=mm&r=g\",\"caption\":\"adtusalud-admin\"},\"url\":\"https:\/\/adtusalud.org\/en\/author\/adtusalud-admin\/\"}]}<\/script>\n<!-- \/ Yoast SEO plugin. -->","yoast_head_json":{"title":"M\u00e9dico Express signs agreement with the Santa Fe de Bogot\u00e1 Foundation","description":"The Santa Fe de Bogot\u00e1 Foundation is an iconic high-complexity Colombian university hospital and a benchmark of excellence in Latin America.","robots":{"index":"index","follow":"follow","max-snippet":"max-snippet:-1","max-image-preview":"max-image-preview:large","max-video-preview":"max-video-preview:-1"},"canonical":"https:\/\/adtusalud.org\/en\/medico-express-signs-agreement-with-the-santa-fe-de-bogota-foundation\/","og_locale":"en_US","og_type":"article","og_title":"M\u00e9dico Express signs agreement with the Santa Fe de Bogot\u00e1 Foundation","og_description":"The Santa Fe de Bogot\u00e1 Foundation is an iconic high-complexity Colombian university hospital and a benchmark of excellence in Latin America.","og_url":"https:\/\/adtusalud.org\/en\/medico-express-signs-agreement-with-the-santa-fe-de-bogota-foundation\/","og_site_name":"Asociaci\u00f3n Dominicana de Turismo de Salud","article_published_time":"2022-10-05T11:34:04+00:00","og_image":[{"width":901,"height":647,"url":"https:\/\/adtusalud.org\/wp-content\/uploads\/2022\/10\/Medico-Express-agreement-with-Santa-Fe-de-Bogota-Foundation.jpg","type":"image\/jpeg"}],"author":"adtusalud-admin","twitter_card":"summary_large_image","twitter_misc":{"Written by":"adtusalud-admin","Est. reading time":"2 minutes"},"schema":{"@context":"https:\/\/schema.org","@graph":[{"@type":"WebPage","@id":"https:\/\/adtusalud.org\/en\/medico-express-signs-agreement-with-the-santa-fe-de-bogota-foundation\/","url":"https:\/\/adtusalud.org\/en\/medico-express-signs-agreement-with-the-santa-fe-de-bogota-foundation\/","name":"M\u00e9dico Express signs agreement with the Santa Fe de Bogot\u00e1 Foundation","isPartOf":{"@id":"https:\/\/adtusalud.org\/en\/#website"},"primaryImageOfPage":{"@id":"https:\/\/adtusalud.org\/en\/medico-express-signs-agreement-with-the-santa-fe-de-bogota-foundation\/#primaryimage"},"image":{"@id":"https:\/\/adtusalud.org\/en\/medico-express-signs-agreement-with-the-santa-fe-de-bogota-foundation\/#primaryimage"},"thumbnailUrl":"https:\/\/adtusalud.org\/wp-content\/uploads\/2022\/10\/Medico-Express-agreement-with-Santa-Fe-de-Bogota-Foundation.jpg","datePublished":"2022-10-05T11:34:04+00:00","author":{"@id":"https:\/\/adtusalud.org\/en\/#\/schema\/person\/7e21bba2ef6689ad5086b9e33c3c51f3"},"description":"The Santa Fe de Bogot\u00e1 Foundation is an iconic high-complexity Colombian university hospital and a benchmark of excellence in Latin America.","breadcrumb":{"@id":"https:\/\/adtusalud.org\/en\/medico-express-signs-agreement-with-the-santa-fe-de-bogota-foundation\/#breadcrumb"},"inLanguage":"en-US","potentialAction":[{"@type":"ReadAction","target":["https:\/\/adtusalud.org\/en\/medico-express-signs-agreement-with-the-santa-fe-de-bogota-foundation\/"]}]},{"@type":"ImageObject","inLanguage":"en-US","@id":"https:\/\/adtusalud.org\/en\/medico-express-signs-agreement-with-the-santa-fe-de-bogota-foundation\/#primaryimage","url":"https:\/\/adtusalud.org\/wp-content\/uploads\/2022\/10\/Medico-Express-agreement-with-Santa-Fe-de-Bogota-Foundation.jpg","contentUrl":"https:\/\/adtusalud.org\/wp-content\/uploads\/2022\/10\/Medico-Express-agreement-with-Santa-Fe-de-Bogota-Foundation.jpg","width":901,"height":647},{"@type":"BreadcrumbList","@id":"https:\/\/adtusalud.org\/en\/medico-express-signs-agreement-with-the-santa-fe-de-bogota-foundation\/#breadcrumb","itemListElement":[{"@type":"ListItem","position":1,"name":"Home","item":"https:\/\/adtusalud.org\/en\/"},{"@type":"ListItem","position":2,"name":"M\u00e9dico Express signs agreement with the Santa Fe de Bogot\u00e1 Foundation"}]},{"@type":"WebSite","@id":"https:\/\/adtusalud.org\/en\/#website","url":"https:\/\/adtusalud.org\/en\/","name":"Asociaci\u00f3n Dominicana de Turismo de Salud","description":"Asociaci\u00f3n Dominicana de Turismo de Salud","potentialAction":[{"@type":"SearchAction","target":{"@type":"EntryPoint","urlTemplate":"https:\/\/adtusalud.org\/en\/?s={search_term_string}"},"query-input":{"@type":"PropertyValueSpecification","valueRequired":true,"valueName":"search_term_string"}}],"inLanguage":"en-US"},{"@type":"Person","@id":"https:\/\/adtusalud.org\/en\/#\/schema\/person\/7e21bba2ef6689ad5086b9e33c3c51f3","name":"adtusalud-admin","image":{"@type":"ImageObject","inLanguage":"en-US","@id":"https:\/\/adtusalud.org\/en\/#\/schema\/person\/image\/","url":"https:\/\/secure.gravatar.com\/avatar\/def4679025a457fde10ae38f14c5c6d290cbc6a86bbb4bb02e7801bcb65b6337?s=96&d=mm&r=g","contentUrl":"https:\/\/secure.gravatar.com\/avatar\/def4679025a457fde10ae38f14c5c6d290cbc6a86bbb4bb02e7801bcb65b6337?s=96&d=mm&r=g","caption":"adtusalud-admin"},"url":"https:\/\/adtusalud.org\/en\/author\/adtusalud-admin\/"}]}},"_links":{"self":[{"href":"https:\/\/adtusalud.org\/en\/wp-json\/wp\/v2\/posts\/8477","targetHints":{"allow":["GET"]}}],"collection":[{"href":"https:\/\/adtusalud.org\/en\/wp-json\/wp\/v2\/posts"}],"about":[{"href":"https:\/\/adtusalud.org\/en\/wp-json\/wp\/v2\/types\/post"}],"author":[{"embeddable":true,"href":"https:\/\/adtusalud.org\/en\/wp-json\/wp\/v2\/users\/1"}],"replies":[{"embeddable":true,"href":"https:\/\/adtusalud.org\/en\/wp-json\/wp\/v2\/comments?post=8477"}],"version-history":[{"count":1,"href":"https:\/\/adtusalud.org\/en\/wp-json\/wp\/v2\/posts\/8477\/revisions"}],"predecessor-version":[{"id":8480,"href":"https:\/\/adtusalud.org\/en\/wp-json\/wp\/v2\/posts\/8477\/revisions\/8480"}],"wp:featuredmedia":[{"embeddable":true,"href":"https:\/\/adtusalud.org\/en\/wp-json\/wp\/v2\/media\/8478"}],"wp:attachment":[{"href":"https:\/\/adtusalud.org\/en\/wp-json\/wp\/v2\/media?parent=8477"}],"wp:term":[{"taxonomy":"category","embeddable":true,"href":"https:\/\/adtusalud.org\/en\/wp-json\/wp\/v2\/categories?post=8477"},{"taxonomy":"post_tag","embeddable":true,"href":"https:\/\/adtusalud.org\/en\/wp-json\/wp\/v2\/tags?post=8477"}],"curies":[{"name":"wp","href":"https:\/\/api.w.org\/{rel}","templated":true}]}}